{"id":12040,"date":"2026-04-28T19:17:59","date_gmt":"2026-04-28T23:17:59","guid":{"rendered":"https:\/\/whatsuprincon.com\/?p=12040"},"modified":"2026-04-28T19:39:36","modified_gmt":"2026-04-28T23:39:36","slug":"six-years-of-kafeterra","status":"publish","type":"post","link":"https:\/\/whatsuprincon.com\/es\/six-years-of-kafeterra\/","title":{"rendered":"Seis A\u00f1os de Kaf\u00e9Terra"},"content":{"rendered":"<p style=\"font-size:12px;text-transform:none\">Por: Tiffany Greer<\/p>\n\n\n\n<h2 class=\"wp-block-heading\" style=\"font-size:20px;text-transform:none\">Aqu\u00ed a Trav\u00e9s de Cada Vuelta de Este Complicado Jueguito Llamado Vida<\/h2>\n\n\n\n<p style=\"text-transform:none;line-height:1.65\" class=\"has-custom-lineheight\">Hay algo en Kaf\u00e9Terra. Algo que no se puede describir f\u00e1cilmente, aunque lo hayas intentado. Quiz\u00e1s es el caf\u00e9 perfecto; siempre exactamente como debe ser, preparado con la precisi\u00f3n que solo alguien como Franky, un ingeniero, puede lograr. O quiz\u00e1s es el calor que te recibe en el momento en que entras, ese que no desaparece ni cuando est\u00e1n a mil. Puede que sea esa mirada sutil que te echa Franky cuando ordenas algo diferente. La mirada de <em>\u00bfest\u00e1s bien hoy?<\/em> La que te hace sentir querido, que le importas a alguien.<\/p>\n\n\n\n<p style=\"text-transform:none;line-height:1.65\" class=\"has-custom-lineheight\">Son las cositas. Le pides un solo huevo en tu Terra Box porque nunca te terminas dos, y te encuentras con fresas o guineos extra de todas formas. Es la tranquilidad de saber que este lugar, y la gente detr\u00e1s de \u00e9l, se mantiene firme en un mundo que no para de moverse.<\/p>\n\n\n\n<p style=\"text-transform:none;line-height:1.65\" class=\"has-custom-lineheight\">Este mayo se cumplen seis a\u00f1os de Kaf\u00e9Terra. Seis a\u00f1os de ma\u00f1anas tempranas, d\u00edas largos y caras conocidas. Seis a\u00f1os de aparecer, aunque la vida lo hiciera casi imposible.<\/p>\n\n\n\n<h3 class=\"wp-block-heading\" style=\"text-transform:none\">Empez\u00f3 Antes de Empezar<\/h3>\n\n\n\n<p style=\"text-transform:none;line-height:1.65\" class=\"has-custom-lineheight\">Kaf\u00e9Terra comenz\u00f3 en octubre del 2019\u2026 m\u00e1s o menos.<\/p>\n\n\n\n<p style=\"text-transform:none;line-height:1.65\" class=\"has-custom-lineheight\">Fue cuando un cafet\u00edn local sali\u00f3 a la venta y en cuesti\u00f3n de d\u00edas, Franky y Allenny firmaron el contrato que por fin har\u00eda su sue\u00f1o realidad. Franky dej\u00f3 su trabajo de ingeniero para prepararse para la apertura, mientras Allenny se qued\u00f3 un poco m\u00e1s, agradecida con la compa\u00f1\u00eda que los hab\u00eda apoyado en tantos cap\u00edtulos dif\u00edciles. En papel, ese fue el comienzo. Pero el sue\u00f1o empez\u00f3 a\u00f1os antes. Ya ten\u00edan el nombre. Ya ten\u00edan planes. La vida se fue metiendo en el camino, como siempre hace, pero ellos nunca lo soltaron. Encontraron su lugar en Rinc\u00f3n, un sitio peque\u00f1o que se convirti\u00f3 en refugio. Un lugar para imaginar algo diferente.<\/p>\n\n\n\n<p style=\"text-transform:none;line-height:1.65\" class=\"has-custom-lineheight\">Para cuando lleg\u00f3 el 2019, Kaf\u00e9Terra no era solo un negocio nuevo. Era todo lo que vino antes, cada desv\u00edo, cada tropiezo, cada momento que los trajo hasta aqu\u00ed.<\/p>\n\n\n\n<h3 class=\"wp-block-heading\" style=\"text-transform:none\">Y Entonces, una Pandemia<\/h3>\n\n\n\n<p style=\"text-transform:none;line-height:1.65\" class=\"has-custom-lineheight\">A principios del 2020, todo estaba cayendo en su lugar. Y entonces\u2026 los terremotos. Y entonces, una pandemia mundial.<\/p>\n\n\n\n<p style=\"text-transform:none;line-height:1.65\" class=\"has-custom-lineheight\">Siguieron hacia adelante de todas formas, un paso cuidadoso a la vez. En mayo del 2020 abrieron para asegurarse de que el personal de Costa Salud tuviera comida caliente mientras enfrentaban lo inimaginable. Cocinaron, entregaron, aparecieron, mientras el resto de nosotros nos quedamos encerrados en casa.<\/p>\n\n\n\n<p style=\"text-transform:none;line-height:1.65\" class=\"has-custom-lineheight\">Un banner gigante apareci\u00f3 en el edificio: Estamos abiertos. Llama para ordenar y recoger. \u00a1S\u00ed!<\/p>\n\n\n\n<p style=\"text-transform:none;line-height:1.65\" class=\"has-custom-lineheight\">Me acuerdo de esos d\u00edas perfectamente. El toque a la puerta con mascarilla. Muestras de cada receta nueva, cada idea nueva. Pruebas de caf\u00e9, experimentos de sopas, creaciones de desayuno, pasteles, s\u00e1ndwiches. Cada uno mejor que el anterior. Esas entregas eran rayos de luz en los momentos m\u00e1s oscuros.<\/p>\n\n\n\n<h3 class=\"wp-block-heading\" style=\"text-transform:none\">Siempre Volvieron<\/h3>\n\n\n\n<p style=\"text-transform:none;line-height:1.65\" class=\"has-custom-lineheight\">Y aun as\u00ed, la vida sigui\u00f3 poni\u00e9ndolos a prueba. Cierres y reaperturas. P\u00e9rdidas y duelo. El COVID golpeando m\u00e1s de una vez, porque al parecer el universo tiene su sentido del humor. Bromeamos con hacerle un sahumerio al lugar. Nos preocupamos. Y entonces volvieron, cada vez, y nosotros est\u00e1bamos ah\u00ed esperando.<\/p>\n\n\n\n<p style=\"text-transform:none;line-height:1.65\" class=\"has-custom-lineheight\">A trav\u00e9s de todo, nunca dejaron de aparecer para la gente. Y la gente nunca dej\u00f3 de aparecer para ellos. No era solo por la comida, aunque la comida les daba raz\u00f3n de sobra. Ven\u00edan porque Kaf\u00e9Terra se sent\u00eda como un lugar donde quer\u00edan estar. Porque Franky y Allenny construyeron algo que daba m\u00e1s de lo que ped\u00eda. Cada vez que las puertas volv\u00edan a abrir despu\u00e9s de un momento dif\u00edcil, la gente que aparec\u00eda realmente estaba diciendo: te vemos, nos alegra que est\u00e9s aqu\u00ed, no pares.<\/p>\n\n\n\n<h3 class=\"wp-block-heading\" style=\"text-transform:none\">La Familia que Escoges, y la Familia que Construyes<\/h3>\n\n\n\n<p style=\"text-transform:none;line-height:1.65\" class=\"has-custom-lineheight\">En alg\u00fan momento del camino, Chris, s\u00ed, ese Chris (<strong>CHRISin L\u00edmites<\/strong>), entr\u00f3 en sus vidas. Ayud\u00f3 a cargar los d\u00edas m\u00e1s dif\u00edciles y hacer los buenos a\u00fan mejores, y se convirti\u00f3 en familia en el proceso. Resulta que esa palabra, familia, era una a la que Kaf\u00e9Terra siempre volv\u00eda.<\/p>\n\n\n\n<p style=\"text-transform:none;line-height:1.65\" class=\"has-custom-lineheight\">Porque mientras todo esto pasaba, su familia estaba a punto de cambiar completamente. Si notaste los posts de cerrado hoy apareciendo sin explicaci\u00f3n, los momentos que se sent\u00edan privados y delicados, ten\u00edan un destino. El proceso fue largo e impredecible, requiriendo acci\u00f3n sin previo aviso, pidi\u00e9ndoles todo a la vez. No lo anunciaron. No lo hicieron p\u00fablico. Simplemente abrieron su hogar y su coraz\u00f3n a una ni\u00f1a y dejaron que el amor hiciera lo dem\u00e1s. Abrazaron cada momento sin saber cu\u00e1ntos tendr\u00edan. Y entonces, despu\u00e9s de toda la espera y la incertidumbre, ella se convirti\u00f3 en su hija.<\/p>\n\n\n\n<p style=\"text-transform:none;line-height:1.65\" class=\"has-custom-lineheight\">Cada letrero de cerrado hoy ten\u00eda una raz\u00f3n. Esta era.<\/p>\n\n\n\n<div id=\"wp-block-themeisle-blocks-slider-832170fc\" class=\"wp-block-themeisle-blocks-slider glide\" data-per-view=\"1\" data-gap=\"0\" data-peek=\"0\" data-autoplay=\"true\" data-height=\"400px\" data-hide-arrows=\"true\"><div class=\"glide__track\" data-glide-el=\"track\"><div class=\"glide__slides\"><div class=\"wp-block-themeisle-blocks-slider-item-wrapper glide__slide\" tabindex=\"0\"><figure><img decoding=\"async\" class=\"wp-block-themeisle-blocks-slider-item\" src=\"https:\/\/whatsuprincon.com\/wp-content\/uploads\/2026\/04\/Copy-of-Copy-of-Copy-of-Copy-of-Soecs-for-horizontal-post-11.jpg\" alt=\"Getting ready to open\" title=\"Getting ready to open\" data-id=\"12050\"\/><\/figure><\/div><div class=\"wp-block-themeisle-blocks-slider-item-wrapper glide__slide\" tabindex=\"0\"><figure><img decoding=\"async\" class=\"wp-block-themeisle-blocks-slider-item\" src=\"https:\/\/whatsuprincon.com\/wp-content\/uploads\/2026\/04\/Copy-of-Copy-of-Copy-of-Copy-of-Soecs-for-horizontal-post-1-1.jpg\" alt=\"Opening Soon\" title=\"Opening Soon\" data-id=\"12049\"\/><\/figure><\/div><div class=\"wp-block-themeisle-blocks-slider-item-wrapper glide__slide\" tabindex=\"0\"><figure><img decoding=\"async\" class=\"wp-block-themeisle-blocks-slider-item\" src=\"https:\/\/whatsuprincon.com\/wp-content\/uploads\/2026\/04\/6-years-of-Kafe-Terra.jpg\" alt=\"Coffee from KafeTerra\" title=\"Coffee from KafeTerra\" data-id=\"11980\"\/><\/figure><\/div><div class=\"wp-block-themeisle-blocks-slider-item-wrapper glide__slide\" tabindex=\"0\"><figure><img decoding=\"async\" class=\"wp-block-themeisle-blocks-slider-item\" src=\"https:\/\/whatsuprincon.com\/wp-content\/uploads\/2026\/04\/Copy-of-Copy-of-Copy-of-Copy-of-Soecs-for-horizontal-post-3-1.jpg\" alt=\"KafeTerra Sandwich\" title=\"KafeTerra Sandwich\" data-id=\"12047\"\/><\/figure><\/div><div class=\"wp-block-themeisle-blocks-slider-item-wrapper glide__slide\" tabindex=\"0\"><figure><img decoding=\"async\" class=\"wp-block-themeisle-blocks-slider-item\" src=\"https:\/\/whatsuprincon.com\/wp-content\/uploads\/2026\/04\/Copy-of-Copy-of-Copy-of-Copy-of-Soecs-for-horizontal-post-4-2.jpg\" alt=\"Terra Box\" title=\"Terra Box\" data-id=\"12046\"\/><\/figure><\/div><div class=\"wp-block-themeisle-blocks-slider-item-wrapper glide__slide\" tabindex=\"0\"><figure><img decoding=\"async\" class=\"wp-block-themeisle-blocks-slider-item\" src=\"https:\/\/whatsuprincon.com\/wp-content\/uploads\/2026\/04\/Copy-of-Copy-of-Copy-of-Copy-of-Soecs-for-horizontal-post-2-1.jpg\" alt=\"Coffee Bar Open\" title=\"Coffee Bar Open\" data-id=\"12048\"\/><\/figure><\/div><\/div><div class=\"glide__bullets\" data-glide-el=\"controls[nav]\"><button class=\"glide__bullet\" data-glide-dir=\"=0\"><\/button><button class=\"glide__bullet\" data-glide-dir=\"=1\"><\/button><button class=\"glide__bullet\" data-glide-dir=\"=2\"><\/button><button class=\"glide__bullet\" data-glide-dir=\"=3\"><\/button><button class=\"glide__bullet\" data-glide-dir=\"=4\"><\/button><button class=\"glide__bullet\" data-glide-dir=\"=5\"><\/button><\/div><\/div><\/div>\n\n\n\n<div style=\"height:5px\" aria-hidden=\"true\" class=\"wp-block-spacer\"><\/div>\n\n\n\n<h3 class=\"wp-block-heading\" style=\"text-transform:none\">Por Muchos M\u00e1s<\/h3>\n\n\n\n<p style=\"text-transform:none;line-height:1.65\" class=\"has-custom-lineheight\">Seis a\u00f1os. Eso es lo que celebramos este mayo. Seis a\u00f1os del caf\u00e9 m\u00e1s preciso que vas a tomar en tu vida, hecho por alguien que trata cada taza como si importara. Seis a\u00f1os de fruta extra metida en tu orden y la mirada de \u00bfest\u00e1s bien? que te hace sentir persona y no solo cliente. Seis a\u00f1os de un lugar que sigui\u00f3 escogiendo a esta comunidad, una y otra vez, aunque las cosas estuvieran dif\u00edciles.<\/p>\n\n\n\n<p style=\"text-transform:none;line-height:1.65\" class=\"has-custom-lineheight\">Y ahora, del otro lado de todo eso, son tres.<\/p>\n\n\n\n<p style=\"text-transform:none;line-height:1.65\" class=\"has-custom-lineheight\">Este complicado jueguito llamado vida te tira de todo. Franky y Allenny han enfrentado m\u00e1s de lo que les tocaba, y lo hicieron sin cerrarle las puertas ni el coraz\u00f3n a nadie. Mantuvieron el caf\u00e9 caliente, la bienvenida genuina, y la comida valiendo cada viaje.<\/p>\n\n\n\n<p style=\"text-transform:none;line-height:1.65\" class=\"has-custom-lineheight\">Seis a\u00f1os despu\u00e9s, Kaf\u00e9Terra es exactamente lo que siempre debi\u00f3 ser.<\/p>\n\n\n\n<p style=\"text-transform:none;line-height:1.65\" class=\"has-custom-lineheight\">Por muchos m\u00e1s.<\/p>\n\n\n\n<p class=\"has-black-color has-text-color has-link-color has-custom-lineheight wp-elements-afd2aa45a7115bc9978f04b6fc6d22dc\" style=\"text-transform:none;line-height:1.65\"><strong>Ubicaci\u00f3n:<\/strong> #4 Calle Progreso, Rinc\u00f3n, Puerto Rico (Public Plaza)<br><strong>Tel\u00e9fono:<\/strong> 787-609-6562<br><a href=\"https:\/\/whatsuprincon.com\/es\/facebook.com\/profile.php\/?id=100063744000867\" target=\"_blank\" rel=\"noreferrer noopener\"><strong>Facebook<\/strong><\/a><br><a href=\"https:\/\/whatsuprincon.com\/es\/instagram.com\/kafeterra\/\" target=\"_blank\" rel=\"noreferrer noopener\"><strong>Instagram<\/strong><\/a><\/p>","protected":false},"excerpt":{"rendered":"<p>By: Tiffany Greer Here Through Every Twist of This Complicated Little Game Called Life There&#8217;s something about Kaf\u00e9Terra. Something you [&hellip;]<\/p>","protected":false},"author":1,"featured_media":12041,"comment_status":"closed","ping_status":"open","sticky":false,"template":"","format":"standard","meta":{"_coblocks_attr":"","_coblocks_dimensions":"","_coblocks_responsive_height":"","_coblocks_accordion_ie_support":"","_themeisle_gutenberg_block_has_review":false,"iawp_total_views":9,"footnotes":""},"categories":[],"tags":[],"class_list":["post-12040","post","type-post","status-publish","format-standard","has-post-thumbnail","hentry"],"yoast_head":"<!-- This site is optimized with the Yoast SEO plugin v25.8 - https:\/\/yoast.com\/wordpress\/plugins\/seo\/ -->\n<title>Six Years of Kaf\u00e9Terra - Rinc\u00f3n, PR | What\u2019s Up Rinc\u00f3n and Western Puerto Rico<\/title>\n<meta name=\"description\" content=\"Kaf\u00e9Terra in Rinc\u00f3n celebrates six years of coffee, community, and resilience. The story of heart, family, and showing up.\" \/>\n<meta name=\"robots\" content=\"index, follow, max-snippet:-1, max-image-preview:large, max-video-preview:-1\" \/>\n<link rel=\"canonical\" href=\"https:\/\/whatsuprincon.com\/es\/six-years-of-kafeterra\/\" \/>\n<meta property=\"og:locale\" content=\"es_ES\" \/>\n<meta property=\"og:type\" content=\"article\" \/>\n<meta property=\"og:title\" content=\"Six Years of Kaf\u00e9Terra - Rinc\u00f3n, PR | What\u2019s Up Rinc\u00f3n and Western Puerto Rico\" \/>\n<meta property=\"og:description\" content=\"Kaf\u00e9Terra in Rinc\u00f3n celebrates six years of coffee, community, and resilience. The story of heart, family, and showing up.\" \/>\n<meta property=\"og:url\" content=\"https:\/\/whatsuprincon.com\/es\/six-years-of-kafeterra\/\" \/>\n<meta property=\"og:site_name\" content=\"Rinc\u00f3n, PR | What\u2019s Up Rinc\u00f3n and Western Puerto Rico\" \/>\n<meta property=\"article:publisher\" content=\"https:\/\/www.facebook.com\/profile.php?id=61557407721782\" \/>\n<meta property=\"article:author\" content=\"https:\/\/www.facebook.com\/whatsuprincon\" \/>\n<meta property=\"article:published_time\" content=\"2026-04-28T23:17:59+00:00\" \/>\n<meta property=\"article:modified_time\" content=\"2026-04-28T23:39:36+00:00\" \/>\n<meta property=\"og:image\" content=\"https:\/\/whatsuprincon.com\/wp-content\/uploads\/2026\/04\/6-years-of-KafeTerra.jpg\" \/>\n\t<meta property=\"og:image:width\" content=\"1748\" \/>\n\t<meta property=\"og:image:height\" content=\"1240\" \/>\n\t<meta property=\"og:image:type\" content=\"image\/jpeg\" \/>\n<meta name=\"author\" content=\"whatsuprinconcom\" \/>\n<meta name=\"twitter:card\" content=\"summary_large_image\" \/>\n<meta name=\"twitter:label1\" content=\"Written by\" \/>\n\t<meta name=\"twitter:data1\" content=\"whatsuprinconcom\" \/>\n\t<meta name=\"twitter:label2\" content=\"Est. reading time\" \/>\n\t<meta name=\"twitter:data2\" content=\"6 minutos\" \/>\n<script type=\"application\/ld+json\" class=\"yoast-schema-graph\">{\"@context\":\"https:\/\/schema.org\",\"@graph\":[{\"@type\":\"Article\",\"@id\":\"https:\/\/whatsuprincon.com\/six-years-of-kafeterra\/#article\",\"isPartOf\":{\"@id\":\"https:\/\/whatsuprincon.com\/six-years-of-kafeterra\/\"},\"author\":{\"name\":\"whatsuprinconcom\",\"@id\":\"https:\/\/whatsuprincon.com\/#\/schema\/person\/624de6271f5a50b903afdf5559a7b3dd\"},\"headline\":\"Six Years of Kaf\u00e9Terra\",\"datePublished\":\"2026-04-28T23:17:59+00:00\",\"dateModified\":\"2026-04-28T23:39:36+00:00\",\"mainEntityOfPage\":{\"@id\":\"https:\/\/whatsuprincon.com\/six-years-of-kafeterra\/\"},\"wordCount\":980,\"publisher\":{\"@id\":\"https:\/\/whatsuprincon.com\/#organization\"},\"image\":{\"@id\":\"https:\/\/whatsuprincon.com\/six-years-of-kafeterra\/#primaryimage\"},\"thumbnailUrl\":\"https:\/\/whatsuprincon.com\/wp-content\/uploads\/2026\/04\/6-years-of-KafeTerra.jpg\",\"inLanguage\":\"es\"},{\"@type\":\"WebPage\",\"@id\":\"https:\/\/whatsuprincon.com\/six-years-of-kafeterra\/\",\"url\":\"https:\/\/whatsuprincon.com\/six-years-of-kafeterra\/\",\"name\":\"Six Years of Kaf\u00e9Terra - Rinc\u00f3n, PR | What\u2019s Up Rinc\u00f3n and Western Puerto Rico\",\"isPartOf\":{\"@id\":\"https:\/\/whatsuprincon.com\/#website\"},\"primaryImageOfPage\":{\"@id\":\"https:\/\/whatsuprincon.com\/six-years-of-kafeterra\/#primaryimage\"},\"image\":{\"@id\":\"https:\/\/whatsuprincon.com\/six-years-of-kafeterra\/#primaryimage\"},\"thumbnailUrl\":\"https:\/\/whatsuprincon.com\/wp-content\/uploads\/2026\/04\/6-years-of-KafeTerra.jpg\",\"datePublished\":\"2026-04-28T23:17:59+00:00\",\"dateModified\":\"2026-04-28T23:39:36+00:00\",\"description\":\"Kaf\u00e9Terra in Rinc\u00f3n celebrates six years of coffee, community, and resilience. The story of heart, family, and showing up.\",\"breadcrumb\":{\"@id\":\"https:\/\/whatsuprincon.com\/six-years-of-kafeterra\/#breadcrumb\"},\"inLanguage\":\"es\",\"potentialAction\":[{\"@type\":\"ReadAction\",\"target\":[\"https:\/\/whatsuprincon.com\/six-years-of-kafeterra\/\"]}]},{\"@type\":\"ImageObject\",\"inLanguage\":\"es\",\"@id\":\"https:\/\/whatsuprincon.com\/six-years-of-kafeterra\/#primaryimage\",\"url\":\"https:\/\/whatsuprincon.com\/wp-content\/uploads\/2026\/04\/6-years-of-KafeTerra.jpg\",\"contentUrl\":\"https:\/\/whatsuprincon.com\/wp-content\/uploads\/2026\/04\/6-years-of-KafeTerra.jpg\",\"width\":1748,\"height\":1240,\"caption\":\"6 years of KafeTerra\"},{\"@type\":\"BreadcrumbList\",\"@id\":\"https:\/\/whatsuprincon.com\/six-years-of-kafeterra\/#breadcrumb\",\"itemListElement\":[{\"@type\":\"ListItem\",\"position\":1,\"name\":\"Home\",\"item\":\"https:\/\/whatsuprincon.com\/\"},{\"@type\":\"ListItem\",\"position\":2,\"name\":\"Six Years of Kaf\u00e9Terra\"}]},{\"@type\":\"WebSite\",\"@id\":\"https:\/\/whatsuprincon.com\/#website\",\"url\":\"https:\/\/whatsuprincon.com\/\",\"name\":\"What's Up Rinc\u00f3n\",\"description\":\"What&#039;s Happening in Rinc\u00f3n and Western Puerto Rico\",\"publisher\":{\"@id\":\"https:\/\/whatsuprincon.com\/#organization\"},\"potentialAction\":[{\"@type\":\"SearchAction\",\"target\":{\"@type\":\"EntryPoint\",\"urlTemplate\":\"https:\/\/whatsuprincon.com\/?s={search_term_string}\"},\"query-input\":{\"@type\":\"PropertyValueSpecification\",\"valueRequired\":true,\"valueName\":\"search_term_string\"}}],\"inLanguage\":\"es\"},{\"@type\":\"Organization\",\"@id\":\"https:\/\/whatsuprincon.com\/#organization\",\"name\":\"What's Up Rinc\u00f3n\",\"url\":\"https:\/\/whatsuprincon.com\/\",\"logo\":{\"@type\":\"ImageObject\",\"inLanguage\":\"es\",\"@id\":\"https:\/\/whatsuprincon.com\/#\/schema\/logo\/image\/\",\"url\":\"https:\/\/whatsuprincon.com\/wp-content\/uploads\/2024\/06\/header-logo-e1771168818936.png\",\"contentUrl\":\"https:\/\/whatsuprincon.com\/wp-content\/uploads\/2024\/06\/header-logo-e1771168818936.png\",\"width\":100,\"height\":100,\"caption\":\"What's Up Rinc\u00f3n\"},\"image\":{\"@id\":\"https:\/\/whatsuprincon.com\/#\/schema\/logo\/image\/\"},\"sameAs\":[\"https:\/\/www.facebook.com\/profile.php?id=61557407721782\",\"https:\/\/www.instagram.com\/whatsuprincon\/\"]},{\"@type\":\"Person\",\"@id\":\"https:\/\/whatsuprincon.com\/#\/schema\/person\/624de6271f5a50b903afdf5559a7b3dd\",\"name\":\"whatsuprinconcom\",\"sameAs\":[\"https:\/\/whatsuprincon.com\",\"https:\/\/www.facebook.com\/whatsuprincon\",\"https:\/\/www.instagram.com\/whatsuprincon\/\"],\"url\":\"https:\/\/whatsuprincon.com\/es\/author\/whatsuprinconcom\/\"}]}<\/script>\n<!-- \/ Yoast SEO plugin. -->","yoast_head_json":{"title":"Six Years of Kaf\u00e9Terra - Rinc\u00f3n, PR | What\u2019s Up Rinc\u00f3n and Western Puerto Rico","description":"Kaf\u00e9Terra in Rinc\u00f3n celebrates six years of coffee, community, and resilience. The story of heart, family, and showing up.","robots":{"index":"index","follow":"follow","max-snippet":"max-snippet:-1","max-image-preview":"max-image-preview:large","max-video-preview":"max-video-preview:-1"},"canonical":"https:\/\/whatsuprincon.com\/es\/six-years-of-kafeterra\/","og_locale":"es_ES","og_type":"article","og_title":"Six Years of Kaf\u00e9Terra - Rinc\u00f3n, PR | What\u2019s Up Rinc\u00f3n and Western Puerto Rico","og_description":"Kaf\u00e9Terra in Rinc\u00f3n celebrates six years of coffee, community, and resilience. The story of heart, family, and showing up.","og_url":"https:\/\/whatsuprincon.com\/es\/six-years-of-kafeterra\/","og_site_name":"Rinc\u00f3n, PR | What\u2019s Up Rinc\u00f3n and Western Puerto Rico","article_publisher":"https:\/\/www.facebook.com\/profile.php?id=61557407721782","article_author":"https:\/\/www.facebook.com\/whatsuprincon","article_published_time":"2026-04-28T23:17:59+00:00","article_modified_time":"2026-04-28T23:39:36+00:00","og_image":[{"width":1748,"height":1240,"url":"https:\/\/whatsuprincon.com\/wp-content\/uploads\/2026\/04\/6-years-of-KafeTerra.jpg","type":"image\/jpeg"}],"author":"whatsuprinconcom","twitter_card":"summary_large_image","twitter_misc":{"Written by":"whatsuprinconcom","Est. reading time":"6 minutos"},"schema":{"@context":"https:\/\/schema.org","@graph":[{"@type":"Article","@id":"https:\/\/whatsuprincon.com\/six-years-of-kafeterra\/#article","isPartOf":{"@id":"https:\/\/whatsuprincon.com\/six-years-of-kafeterra\/"},"author":{"name":"whatsuprinconcom","@id":"https:\/\/whatsuprincon.com\/#\/schema\/person\/624de6271f5a50b903afdf5559a7b3dd"},"headline":"Six Years of Kaf\u00e9Terra","datePublished":"2026-04-28T23:17:59+00:00","dateModified":"2026-04-28T23:39:36+00:00","mainEntityOfPage":{"@id":"https:\/\/whatsuprincon.com\/six-years-of-kafeterra\/"},"wordCount":980,"publisher":{"@id":"https:\/\/whatsuprincon.com\/#organization"},"image":{"@id":"https:\/\/whatsuprincon.com\/six-years-of-kafeterra\/#primaryimage"},"thumbnailUrl":"https:\/\/whatsuprincon.com\/wp-content\/uploads\/2026\/04\/6-years-of-KafeTerra.jpg","inLanguage":"es"},{"@type":"WebPage","@id":"https:\/\/whatsuprincon.com\/six-years-of-kafeterra\/","url":"https:\/\/whatsuprincon.com\/six-years-of-kafeterra\/","name":"Six Years of Kaf\u00e9Terra - Rinc\u00f3n, PR | What\u2019s Up Rinc\u00f3n and Western Puerto Rico","isPartOf":{"@id":"https:\/\/whatsuprincon.com\/#website"},"primaryImageOfPage":{"@id":"https:\/\/whatsuprincon.com\/six-years-of-kafeterra\/#primaryimage"},"image":{"@id":"https:\/\/whatsuprincon.com\/six-years-of-kafeterra\/#primaryimage"},"thumbnailUrl":"https:\/\/whatsuprincon.com\/wp-content\/uploads\/2026\/04\/6-years-of-KafeTerra.jpg","datePublished":"2026-04-28T23:17:59+00:00","dateModified":"2026-04-28T23:39:36+00:00","description":"Kaf\u00e9Terra in Rinc\u00f3n celebrates six years of coffee, community, and resilience. The story of heart, family, and showing up.","breadcrumb":{"@id":"https:\/\/whatsuprincon.com\/six-years-of-kafeterra\/#breadcrumb"},"inLanguage":"es","potentialAction":[{"@type":"ReadAction","target":["https:\/\/whatsuprincon.com\/six-years-of-kafeterra\/"]}]},{"@type":"ImageObject","inLanguage":"es","@id":"https:\/\/whatsuprincon.com\/six-years-of-kafeterra\/#primaryimage","url":"https:\/\/whatsuprincon.com\/wp-content\/uploads\/2026\/04\/6-years-of-KafeTerra.jpg","contentUrl":"https:\/\/whatsuprincon.com\/wp-content\/uploads\/2026\/04\/6-years-of-KafeTerra.jpg","width":1748,"height":1240,"caption":"6 years of KafeTerra"},{"@type":"BreadcrumbList","@id":"https:\/\/whatsuprincon.com\/six-years-of-kafeterra\/#breadcrumb","itemListElement":[{"@type":"ListItem","position":1,"name":"Home","item":"https:\/\/whatsuprincon.com\/"},{"@type":"ListItem","position":2,"name":"Six Years of Kaf\u00e9Terra"}]},{"@type":"WebSite","@id":"https:\/\/whatsuprincon.com\/#website","url":"https:\/\/whatsuprincon.com\/","name":"What's Up Rinc\u00f3n","description":"What&#039;s Happening in Rinc\u00f3n and Western Puerto Rico","publisher":{"@id":"https:\/\/whatsuprincon.com\/#organization"},"potentialAction":[{"@type":"SearchAction","target":{"@type":"EntryPoint","urlTemplate":"https:\/\/whatsuprincon.com\/?s={search_term_string}"},"query-input":{"@type":"PropertyValueSpecification","valueRequired":true,"valueName":"search_term_string"}}],"inLanguage":"es"},{"@type":"Organization","@id":"https:\/\/whatsuprincon.com\/#organization","name":"What's Up Rinc\u00f3n","url":"https:\/\/whatsuprincon.com\/","logo":{"@type":"ImageObject","inLanguage":"es","@id":"https:\/\/whatsuprincon.com\/#\/schema\/logo\/image\/","url":"https:\/\/whatsuprincon.com\/wp-content\/uploads\/2024\/06\/header-logo-e1771168818936.png","contentUrl":"https:\/\/whatsuprincon.com\/wp-content\/uploads\/2024\/06\/header-logo-e1771168818936.png","width":100,"height":100,"caption":"What's Up Rinc\u00f3n"},"image":{"@id":"https:\/\/whatsuprincon.com\/#\/schema\/logo\/image\/"},"sameAs":["https:\/\/www.facebook.com\/profile.php?id=61557407721782","https:\/\/www.instagram.com\/whatsuprincon\/"]},{"@type":"Person","@id":"https:\/\/whatsuprincon.com\/#\/schema\/person\/624de6271f5a50b903afdf5559a7b3dd","name":"whatsuprinconcom","sameAs":["https:\/\/whatsuprincon.com","https:\/\/www.facebook.com\/whatsuprincon","https:\/\/www.instagram.com\/whatsuprincon\/"],"url":"https:\/\/whatsuprincon.com\/es\/author\/whatsuprinconcom\/"}]}},"_links":{"self":[{"href":"https:\/\/whatsuprincon.com\/es\/wp-json\/wp\/v2\/posts\/12040","targetHints":{"allow":["GET"]}}],"collection":[{"href":"https:\/\/whatsuprincon.com\/es\/wp-json\/wp\/v2\/posts"}],"about":[{"href":"https:\/\/whatsuprincon.com\/es\/wp-json\/wp\/v2\/types\/post"}],"author":[{"embeddable":true,"href":"https:\/\/whatsuprincon.com\/es\/wp-json\/wp\/v2\/users\/1"}],"replies":[{"embeddable":true,"href":"https:\/\/whatsuprincon.com\/es\/wp-json\/wp\/v2\/comments?post=12040"}],"version-history":[{"count":6,"href":"https:\/\/whatsuprincon.com\/es\/wp-json\/wp\/v2\/posts\/12040\/revisions"}],"predecessor-version":[{"id":12052,"href":"https:\/\/whatsuprincon.com\/es\/wp-json\/wp\/v2\/posts\/12040\/revisions\/12052"}],"wp:featuredmedia":[{"embeddable":true,"href":"https:\/\/whatsuprincon.com\/es\/wp-json\/wp\/v2\/media\/12041"}],"wp:attachment":[{"href":"https:\/\/whatsuprincon.com\/es\/wp-json\/wp\/v2\/media?parent=12040"}],"wp:term":[{"taxonomy":"category","embeddable":true,"href":"https:\/\/whatsuprincon.com\/es\/wp-json\/wp\/v2\/categories?post=12040"},{"taxonomy":"post_tag","embeddable":true,"href":"https:\/\/whatsuprincon.com\/es\/wp-json\/wp\/v2\/tags?post=12040"}],"curies":[{"name":"wp","href":"https:\/\/api.w.org\/{rel}","templated":true}]}}