{"id":12040,"date":"2026-04-28T19:17:59","date_gmt":"2026-04-28T23:17:59","guid":{"rendered":"https:\/\/whatsuprincon.com\/?p=12040"},"modified":"2026-05-27T09:08:38","modified_gmt":"2026-05-27T13:08:38","slug":"six-years-of-kafeterra","status":"publish","type":"post","link":"https:\/\/whatsuprincon.com\/es\/six-years-of-kafeterra\/","title":{"rendered":"Seis A\u00f1os de Kaf\u00e9Terra"},"content":{"rendered":"\n<p class=\"wp-block-paragraph\" style=\"font-size:12px;text-transform:none\">By: Tiffany Greer<\/p>\n\n\n\n<h2 class=\"wp-block-heading\" style=\"font-size:20px;text-transform:none\">Here Through Every Twist of This Complicated Little Game Called Life<\/h2>\n\n\n\n<p style=\"text-transform:none;line-height:1.65\" class=\"has-custom-lineheight wp-block-paragraph\">There&#8217;s something about Kaf\u00e9Terra. Something you can&#8217;t quite describe, even if you&#8217;ve tried. Maybe it&#8217;s the perfect cup of coffee; always exactly right, brewed with the kind of precision only someone like Franky, an engineer, could achieve. Or maybe it&#8217;s the warmth that hits you the moment you walk in, the kind that doesn&#8217;t go away even when they&#8217;re slammed. It might even be that subtle look Franky gives you when you order something different. The <em>are you okay today?<\/em> look. The one that makes you feel loved, cared about.<\/p>\n\n\n\n<p style=\"text-transform:none;line-height:1.65\" class=\"has-custom-lineheight wp-block-paragraph\">It&#8217;s the little things. You ask for just one egg in your Terra Box because you never finish two, and you find extra strawberries or bananas tucked in anyway. It&#8217;s the comfort of knowing that this place, and the people behind it, are steady in a world that feels anything but.<\/p>\n\n\n\n<p style=\"text-transform:none;line-height:1.65\" class=\"has-custom-lineheight wp-block-paragraph\">This May marks six years of Kaf\u00e9Terra. Six years of early mornings and long days and familiar faces. Six years of showing up, even when life made that almost impossible.<\/p>\n\n\n\n<h3 class=\"wp-block-heading\" style=\"text-transform:none\">It Started Before It Started<\/h3>\n\n\n\n<p style=\"text-transform:none;line-height:1.65\" class=\"has-custom-lineheight wp-block-paragraph\">Kaf\u00e9Terra started in October 2019\u2026 sort of.<\/p>\n\n\n\n<p style=\"text-transform:none;line-height:1.65\" class=\"has-custom-lineheight wp-block-paragraph\">That&#8217;s when a local coffee shop went up for sale and within days, Franky and Allenny signed the contract that would finally make their dream real. Franky left his engineering job to prepare for the opening, while Allenny stayed on a little longer, grateful to the company that had supported them through so many difficult chapters. On paper, that was the beginning. But the dream started years before that. They had a name picked out. They had plans. Life kept getting in the way, as it tends to do, but they never let go of it. They found their way to Rinc\u00f3n, to a small place that became a refuge. A place to imagine something different.<\/p>\n\n\n\n<p style=\"text-transform:none;line-height:1.65\" class=\"has-custom-lineheight wp-block-paragraph\">So by the time 2019 arrived, Kaf\u00e9Terra wasn&#8217;t just a new business. It was everything that came before it; every detour, every setback, every moment that led them here.<\/p>\n\n\n\n<h3 class=\"wp-block-heading\" style=\"text-transform:none\">And then, a Pandemic<\/h3>\n\n\n\n<p style=\"text-transform:none;line-height:1.65\" class=\"has-custom-lineheight wp-block-paragraph\">By early 2020, everything was falling into place. And then\u2026 earthquakes. And then, a global pandemic.<\/p>\n\n\n\n<p style=\"text-transform:none;line-height:1.65\" class=\"has-custom-lineheight wp-block-paragraph\">They moved forward anyway, one careful step at a time. In May 2020 they opened to make sure the staff at Costa Salud had warm meals while they faced the unimaginable. They cooked, they delivered, they showed up, all while the rest of us stayed locked inside.<\/p>\n\n\n\n<p style=\"text-transform:none;line-height:1.65\" class=\"has-custom-lineheight wp-block-paragraph\">A giant banner went up on the building: We are open. Call to order and pick up. Yes!<\/p>\n\n\n\n<p style=\"text-transform:none;line-height:1.65\" class=\"has-custom-lineheight wp-block-paragraph\">I remember those days perfectly. The masked knock at the door. Samples of every new recipe, every new idea. Coffee test runs, soup experiments, breakfast creations, pastries, sandwiches. Each one somehow better than the last. Those deliveries were rays of light in the darkest of moments.<\/p>\n\n\n\n<h3 class=\"wp-block-heading\" style=\"text-transform:none\">They Always Came Back<\/h3>\n\n\n\n<p style=\"text-transform:none;line-height:1.65\" class=\"has-custom-lineheight wp-block-paragraph\">And still, life kept testing them. Closures and reopenings. Loss and grief. COVID hitting more than once, because apparently the universe has a sense of humor. We joked about saging the place. We worried. And then they came back, every single time, and we were there waiting.<\/p>\n\n\n\n<p style=\"text-transform:none;line-height:1.65\" class=\"has-custom-lineheight wp-block-paragraph\">Through all of it, they never stopped showing up for people. And people never stopped showing up for them. It wasn&#8217;t just for the food, though the food gave them plenty of reason to. They came because Kaf\u00e9Terra felt like somewhere they wanted to be. Because Franky and Allenny built something that gave back more than it asked for. Every time the doors reopened after a rough stretch, the crowd that showed up was really just saying: we see you, we&#8217;re glad you&#8217;re here, please don&#8217;t stop.<\/p>\n\n\n\n<h3 class=\"wp-block-heading\" style=\"text-transform:none\">The Family You Choose, and the Family You Build<\/h3>\n\n\n\n<p style=\"text-transform:none;line-height:1.65\" class=\"has-custom-lineheight wp-block-paragraph\">Somewhere along the way, Chris, yes, that Chris (<strong>CHRISin L\u00edmites<\/strong>), walked into their lives. He helped carry the harder days and made the good ones even better and became family in the process. It turns out that word, family, was one Kaf\u00e9Terra kept coming back to.<\/p>\n\n\n\n<p style=\"text-transform:none;line-height:1.65\" class=\"has-custom-lineheight wp-block-paragraph\">Because while all of this was unfolding, their family was about to change completely. If you noticed the random closed-today posts appearing without explanation, the moments that felt private and delicate; they were leading somewhere. The process was long and unpredictable, requiring action without notice, asking everything of them at once. They didn&#8217;t announce it. They didn&#8217;t make it public. They just opened their home and hearts to a young girl and let love do the rest. They embraced every moment without knowing how many they&#8217;d get. And then, after all of the waiting and uncertainty she became their daughter.<\/p>\n\n\n\n<p style=\"text-transform:none;line-height:1.65\" class=\"has-custom-lineheight wp-block-paragraph\">Every closed-today sign had a reason. This was it.<\/p>\n\n\n\n<div id=\"wp-block-themeisle-blocks-slider-832170fc\" class=\"wp-block-themeisle-blocks-slider glide\" data-per-view=\"1\" data-gap=\"0\" data-peek=\"0\" data-autoplay=\"true\" data-height=\"400px\" data-hide-arrows=\"true\"><div class=\"glide__track\" data-glide-el=\"track\"><div class=\"glide__slides\"><div class=\"wp-block-themeisle-blocks-slider-item-wrapper glide__slide\" tabindex=\"0\"><figure><img decoding=\"async\" class=\"wp-block-themeisle-blocks-slider-item\" src=\"https:\/\/whatsuprincon.com\/wp-content\/uploads\/2026\/04\/Copy-of-Copy-of-Copy-of-Copy-of-Soecs-for-horizontal-post-11.jpg\" alt=\"Getting ready to open\" title=\"Getting ready to open\" data-id=\"12050\"\/><\/figure><\/div><div class=\"wp-block-themeisle-blocks-slider-item-wrapper glide__slide\" tabindex=\"0\"><figure><img decoding=\"async\" class=\"wp-block-themeisle-blocks-slider-item\" src=\"https:\/\/whatsuprincon.com\/wp-content\/uploads\/2026\/04\/Copy-of-Copy-of-Copy-of-Copy-of-Soecs-for-horizontal-post-1-1.jpg\" alt=\"Opening Soon\" title=\"Opening Soon\" data-id=\"12049\"\/><\/figure><\/div><div class=\"wp-block-themeisle-blocks-slider-item-wrapper glide__slide\" tabindex=\"0\"><figure><img decoding=\"async\" class=\"wp-block-themeisle-blocks-slider-item\" src=\"https:\/\/whatsuprincon.com\/wp-content\/uploads\/2026\/04\/6-years-of-Kafe-Terra.jpg\" alt=\"Coffee from KafeTerra\" title=\"Coffee from KafeTerra\" data-id=\"11980\"\/><\/figure><\/div><div class=\"wp-block-themeisle-blocks-slider-item-wrapper glide__slide\" tabindex=\"0\"><figure><img decoding=\"async\" class=\"wp-block-themeisle-blocks-slider-item\" src=\"https:\/\/whatsuprincon.com\/wp-content\/uploads\/2026\/04\/Copy-of-Copy-of-Copy-of-Copy-of-Soecs-for-horizontal-post-3-1.jpg\" alt=\"KafeTerra Sandwich\" title=\"KafeTerra Sandwich\" data-id=\"12047\"\/><\/figure><\/div><div class=\"wp-block-themeisle-blocks-slider-item-wrapper glide__slide\" tabindex=\"0\"><figure><img decoding=\"async\" class=\"wp-block-themeisle-blocks-slider-item\" src=\"https:\/\/whatsuprincon.com\/wp-content\/uploads\/2026\/04\/Copy-of-Copy-of-Copy-of-Copy-of-Soecs-for-horizontal-post-4-2.jpg\" alt=\"Terra Box\" title=\"Terra Box\" data-id=\"12046\"\/><\/figure><\/div><div class=\"wp-block-themeisle-blocks-slider-item-wrapper glide__slide\" tabindex=\"0\"><figure><img decoding=\"async\" class=\"wp-block-themeisle-blocks-slider-item\" src=\"https:\/\/whatsuprincon.com\/wp-content\/uploads\/2026\/04\/Copy-of-Copy-of-Copy-of-Copy-of-Soecs-for-horizontal-post-2-1.jpg\" alt=\"Coffee Bar Open\" title=\"Coffee Bar Open\" data-id=\"12048\"\/><\/figure><\/div><\/div><div class=\"glide__bullets\" data-glide-el=\"controls[nav]\"><button class=\"glide__bullet\" data-glide-dir=\"=0\"><\/button><button class=\"glide__bullet\" data-glide-dir=\"=1\"><\/button><button class=\"glide__bullet\" data-glide-dir=\"=2\"><\/button><button class=\"glide__bullet\" data-glide-dir=\"=3\"><\/button><button class=\"glide__bullet\" data-glide-dir=\"=4\"><\/button><button class=\"glide__bullet\" data-glide-dir=\"=5\"><\/button><\/div><\/div><\/div>\n\n\n\n<div style=\"height:5px\" aria-hidden=\"true\" class=\"wp-block-spacer\"><\/div>\n\n\n\n<h3 class=\"wp-block-heading\" style=\"text-transform:none\">Here&#8217;s to Six More<\/h3>\n\n\n\n<p style=\"text-transform:none;line-height:1.65\" class=\"has-custom-lineheight wp-block-paragraph\">Six years. That&#8217;s what we&#8217;re celebrating this May. Six years of the most precise coffee you&#8217;ll ever drink, made by someone who treats every cup like it matters. Six years of extra fruit tucked into your order and the are you okay? look that makes you feel like a person and not just a customer. Six years of a place that kept choosing this community, over and over, even when things were hard.<\/p>\n\n\n\n<p style=\"text-transform:none;line-height:1.65\" class=\"has-custom-lineheight wp-block-paragraph\">And now, on the other side of all of it, there are three of them.<\/p>\n\n\n\n<p style=\"text-transform:none;line-height:1.65\" class=\"has-custom-lineheight wp-block-paragraph\">This complicated little game called life throws a lot at you. Franky and Allenny have faced more than their share, and they did it without ever closing their hearts or their doors for good. They kept the coffee hot, the welcome genuine, and the food worth every single trip.<\/p>\n\n\n\n<p style=\"text-transform:none;line-height:1.65\" class=\"has-custom-lineheight wp-block-paragraph\">Six years in, Kaf\u00e9Terra is exactly what it was always meant to be.<\/p>\n\n\n\n<p style=\"text-transform:none;line-height:1.65\" class=\"has-custom-lineheight wp-block-paragraph\">Here&#8217;s to many more.<\/p>\n\n\n\n<p class=\"has-black-color has-text-color has-link-color has-custom-lineheight wp-elements-afd2aa45a7115bc9978f04b6fc6d22dc wp-block-paragraph\" style=\"text-transform:none;line-height:1.65\"><strong>Address:<\/strong> #4 Calle Progreso, Rinc\u00f3n, Puerto Rico (Public Plaza)<br><strong>Phone:<\/strong> 787-609-6562<br><a href=\"https:\/\/whatsuprincon.com\/facebook.com\/profile.php?id=100063744000867\" target=\"_blank\" rel=\"noreferrer noopener\"><strong>Facebook<\/strong><\/a><br><a href=\"https:\/\/whatsuprincon.com\/instagram.com\/kafeterra\/\" target=\"_blank\" rel=\"noreferrer noopener\"><strong>Instagram<\/strong><\/a><\/p>\n","protected":false},"excerpt":{"rendered":"<p>By: Tiffany Greer Here Through Every Twist of This Complicated Little Game Called Life There&#8217;s something about Kaf\u00e9Terra. Something you [&hellip;]<\/p>\n","protected":false},"author":1,"featured_media":12041,"comment_status":"closed","ping_status":"open","sticky":false,"template":"","format":"standard","meta":{"_coblocks_attr":"","_coblocks_dimensions":"","_coblocks_responsive_height":"","_coblocks_accordion_ie_support":"","_themeisle_gutenberg_block_has_review":false,"iawp_total_views":119,"footnotes":""},"categories":[600],"tags":[],"class_list":["post-12040","post","type-post","status-publish","format-standard","has-post-thumbnail","hentry","category-gastronomy"],"yoast_head":"<!-- This site is optimized with the Yoast SEO plugin v25.8 - https:\/\/yoast.com\/wordpress\/plugins\/seo\/ -->\n<title>Six Years of Kaf\u00e9Terra - Rinc\u00f3n, PR | What\u2019s Up Rinc\u00f3n and Western Puerto Rico<\/title>\n<meta name=\"description\" content=\"Kaf\u00e9Terra in Rinc\u00f3n celebrates six years of coffee, community, and resilience. The story of heart, family, and showing up.\" \/>\n<meta name=\"robots\" content=\"index, follow, max-snippet:-1, max-image-preview:large, max-video-preview:-1\" \/>\n<link rel=\"canonical\" href=\"https:\/\/whatsuprincon.com\/es\/six-years-of-kafeterra\/\" \/>\n<meta property=\"og:locale\" content=\"es_ES\" \/>\n<meta property=\"og:type\" content=\"article\" \/>\n<meta property=\"og:title\" content=\"Six Years of Kaf\u00e9Terra - Rinc\u00f3n, PR | What\u2019s Up Rinc\u00f3n and Western Puerto Rico\" \/>\n<meta property=\"og:description\" content=\"Kaf\u00e9Terra in Rinc\u00f3n celebrates six years of coffee, community, and resilience. The story of heart, family, and showing up.\" \/>\n<meta property=\"og:url\" content=\"https:\/\/whatsuprincon.com\/es\/six-years-of-kafeterra\/\" \/>\n<meta property=\"og:site_name\" content=\"Rinc\u00f3n, PR | What\u2019s Up Rinc\u00f3n and Western Puerto Rico\" \/>\n<meta property=\"article:publisher\" content=\"https:\/\/www.facebook.com\/profile.php?id=61557407721782\" \/>\n<meta property=\"article:author\" content=\"https:\/\/www.facebook.com\/whatsuprincon\" \/>\n<meta property=\"article:published_time\" content=\"2026-04-28T23:17:59+00:00\" \/>\n<meta property=\"article:modified_time\" content=\"2026-05-27T13:08:38+00:00\" \/>\n<meta property=\"og:image\" content=\"https:\/\/whatsuprincon.com\/wp-content\/uploads\/2026\/04\/6-years-of-KafeTerra.jpg\" \/>\n\t<meta property=\"og:image:width\" content=\"1748\" \/>\n\t<meta property=\"og:image:height\" content=\"1240\" \/>\n\t<meta property=\"og:image:type\" content=\"image\/jpeg\" \/>\n<meta name=\"author\" content=\"whatsuprinconcom\" \/>\n<meta name=\"twitter:card\" content=\"summary_large_image\" \/>\n<meta name=\"twitter:label1\" content=\"Written by\" \/>\n\t<meta name=\"twitter:data1\" content=\"whatsuprinconcom\" \/>\n\t<meta name=\"twitter:label2\" content=\"Est. reading time\" \/>\n\t<meta name=\"twitter:data2\" content=\"6 minutos\" \/>\n<script type=\"application\/ld+json\" class=\"yoast-schema-graph\">{\"@context\":\"https:\/\/schema.org\",\"@graph\":[{\"@type\":\"Article\",\"@id\":\"https:\/\/whatsuprincon.com\/six-years-of-kafeterra\/#article\",\"isPartOf\":{\"@id\":\"https:\/\/whatsuprincon.com\/six-years-of-kafeterra\/\"},\"author\":{\"name\":\"whatsuprinconcom\",\"@id\":\"https:\/\/whatsuprincon.com\/#\/schema\/person\/624de6271f5a50b903afdf5559a7b3dd\"},\"headline\":\"Six Years of Kaf\u00e9Terra\",\"datePublished\":\"2026-04-28T23:17:59+00:00\",\"dateModified\":\"2026-05-27T13:08:38+00:00\",\"mainEntityOfPage\":{\"@id\":\"https:\/\/whatsuprincon.com\/six-years-of-kafeterra\/\"},\"wordCount\":980,\"publisher\":{\"@id\":\"https:\/\/whatsuprincon.com\/#organization\"},\"image\":{\"@id\":\"https:\/\/whatsuprincon.com\/six-years-of-kafeterra\/#primaryimage\"},\"thumbnailUrl\":\"https:\/\/whatsuprincon.com\/wp-content\/uploads\/2026\/04\/6-years-of-KafeTerra.jpg\",\"articleSection\":[\"Gastronomy\"],\"inLanguage\":\"es\"},{\"@type\":\"WebPage\",\"@id\":\"https:\/\/whatsuprincon.com\/six-years-of-kafeterra\/\",\"url\":\"https:\/\/whatsuprincon.com\/six-years-of-kafeterra\/\",\"name\":\"Six Years of Kaf\u00e9Terra - Rinc\u00f3n, PR | What\u2019s Up Rinc\u00f3n and Western Puerto Rico\",\"isPartOf\":{\"@id\":\"https:\/\/whatsuprincon.com\/#website\"},\"primaryImageOfPage\":{\"@id\":\"https:\/\/whatsuprincon.com\/six-years-of-kafeterra\/#primaryimage\"},\"image\":{\"@id\":\"https:\/\/whatsuprincon.com\/six-years-of-kafeterra\/#primaryimage\"},\"thumbnailUrl\":\"https:\/\/whatsuprincon.com\/wp-content\/uploads\/2026\/04\/6-years-of-KafeTerra.jpg\",\"datePublished\":\"2026-04-28T23:17:59+00:00\",\"dateModified\":\"2026-05-27T13:08:38+00:00\",\"description\":\"Kaf\u00e9Terra in Rinc\u00f3n celebrates six years of coffee, community, and resilience. The story of heart, family, and showing up.\",\"breadcrumb\":{\"@id\":\"https:\/\/whatsuprincon.com\/six-years-of-kafeterra\/#breadcrumb\"},\"inLanguage\":\"es\",\"potentialAction\":[{\"@type\":\"ReadAction\",\"target\":[\"https:\/\/whatsuprincon.com\/six-years-of-kafeterra\/\"]}]},{\"@type\":\"ImageObject\",\"inLanguage\":\"es\",\"@id\":\"https:\/\/whatsuprincon.com\/six-years-of-kafeterra\/#primaryimage\",\"url\":\"https:\/\/whatsuprincon.com\/wp-content\/uploads\/2026\/04\/6-years-of-KafeTerra.jpg\",\"contentUrl\":\"https:\/\/whatsuprincon.com\/wp-content\/uploads\/2026\/04\/6-years-of-KafeTerra.jpg\",\"width\":1748,\"height\":1240,\"caption\":\"6 years of KafeTerra\"},{\"@type\":\"BreadcrumbList\",\"@id\":\"https:\/\/whatsuprincon.com\/six-years-of-kafeterra\/#breadcrumb\",\"itemListElement\":[{\"@type\":\"ListItem\",\"position\":1,\"name\":\"Home\",\"item\":\"https:\/\/whatsuprincon.com\/\"},{\"@type\":\"ListItem\",\"position\":2,\"name\":\"Six Years of Kaf\u00e9Terra\"}]},{\"@type\":\"WebSite\",\"@id\":\"https:\/\/whatsuprincon.com\/#website\",\"url\":\"https:\/\/whatsuprincon.com\/\",\"name\":\"What's Up Rinc\u00f3n\",\"description\":\"What&#039;s Happening in Rinc\u00f3n and Western Puerto Rico\",\"publisher\":{\"@id\":\"https:\/\/whatsuprincon.com\/#organization\"},\"potentialAction\":[{\"@type\":\"SearchAction\",\"target\":{\"@type\":\"EntryPoint\",\"urlTemplate\":\"https:\/\/whatsuprincon.com\/?s={search_term_string}\"},\"query-input\":{\"@type\":\"PropertyValueSpecification\",\"valueRequired\":true,\"valueName\":\"search_term_string\"}}],\"inLanguage\":\"es\"},{\"@type\":\"Organization\",\"@id\":\"https:\/\/whatsuprincon.com\/#organization\",\"name\":\"What's Up Rinc\u00f3n\",\"url\":\"https:\/\/whatsuprincon.com\/\",\"logo\":{\"@type\":\"ImageObject\",\"inLanguage\":\"es\",\"@id\":\"https:\/\/whatsuprincon.com\/#\/schema\/logo\/image\/\",\"url\":\"https:\/\/whatsuprincon.com\/wp-content\/uploads\/2024\/06\/header-logo-e1771168818936.png\",\"contentUrl\":\"https:\/\/whatsuprincon.com\/wp-content\/uploads\/2024\/06\/header-logo-e1771168818936.png\",\"width\":100,\"height\":100,\"caption\":\"What's Up Rinc\u00f3n\"},\"image\":{\"@id\":\"https:\/\/whatsuprincon.com\/#\/schema\/logo\/image\/\"},\"sameAs\":[\"https:\/\/www.facebook.com\/profile.php?id=61557407721782\",\"https:\/\/www.instagram.com\/whatsuprincon\/\"]},{\"@type\":\"Person\",\"@id\":\"https:\/\/whatsuprincon.com\/#\/schema\/person\/624de6271f5a50b903afdf5559a7b3dd\",\"name\":\"whatsuprinconcom\",\"sameAs\":[\"https:\/\/whatsuprincon.com\",\"https:\/\/www.facebook.com\/whatsuprincon\",\"https:\/\/www.instagram.com\/whatsuprincon\/\"],\"url\":\"https:\/\/whatsuprincon.com\/es\/author\/whatsuprinconcom\/\"}]}<\/script>\n<!-- \/ Yoast SEO plugin. -->","yoast_head_json":{"title":"Six Years of Kaf\u00e9Terra - Rinc\u00f3n, PR | What\u2019s Up Rinc\u00f3n and Western Puerto Rico","description":"Kaf\u00e9Terra in Rinc\u00f3n celebrates six years of coffee, community, and resilience. The story of heart, family, and showing up.","robots":{"index":"index","follow":"follow","max-snippet":"max-snippet:-1","max-image-preview":"max-image-preview:large","max-video-preview":"max-video-preview:-1"},"canonical":"https:\/\/whatsuprincon.com\/es\/six-years-of-kafeterra\/","og_locale":"es_ES","og_type":"article","og_title":"Six Years of Kaf\u00e9Terra - Rinc\u00f3n, PR | What\u2019s Up Rinc\u00f3n and Western Puerto Rico","og_description":"Kaf\u00e9Terra in Rinc\u00f3n celebrates six years of coffee, community, and resilience. The story of heart, family, and showing up.","og_url":"https:\/\/whatsuprincon.com\/es\/six-years-of-kafeterra\/","og_site_name":"Rinc\u00f3n, PR | What\u2019s Up Rinc\u00f3n and Western Puerto Rico","article_publisher":"https:\/\/www.facebook.com\/profile.php?id=61557407721782","article_author":"https:\/\/www.facebook.com\/whatsuprincon","article_published_time":"2026-04-28T23:17:59+00:00","article_modified_time":"2026-05-27T13:08:38+00:00","og_image":[{"width":1748,"height":1240,"url":"https:\/\/whatsuprincon.com\/wp-content\/uploads\/2026\/04\/6-years-of-KafeTerra.jpg","type":"image\/jpeg"}],"author":"whatsuprinconcom","twitter_card":"summary_large_image","twitter_misc":{"Written by":"whatsuprinconcom","Est. reading time":"6 minutos"},"schema":{"@context":"https:\/\/schema.org","@graph":[{"@type":"Article","@id":"https:\/\/whatsuprincon.com\/six-years-of-kafeterra\/#article","isPartOf":{"@id":"https:\/\/whatsuprincon.com\/six-years-of-kafeterra\/"},"author":{"name":"whatsuprinconcom","@id":"https:\/\/whatsuprincon.com\/#\/schema\/person\/624de6271f5a50b903afdf5559a7b3dd"},"headline":"Six Years of Kaf\u00e9Terra","datePublished":"2026-04-28T23:17:59+00:00","dateModified":"2026-05-27T13:08:38+00:00","mainEntityOfPage":{"@id":"https:\/\/whatsuprincon.com\/six-years-of-kafeterra\/"},"wordCount":980,"publisher":{"@id":"https:\/\/whatsuprincon.com\/#organization"},"image":{"@id":"https:\/\/whatsuprincon.com\/six-years-of-kafeterra\/#primaryimage"},"thumbnailUrl":"https:\/\/whatsuprincon.com\/wp-content\/uploads\/2026\/04\/6-years-of-KafeTerra.jpg","articleSection":["Gastronomy"],"inLanguage":"es"},{"@type":"WebPage","@id":"https:\/\/whatsuprincon.com\/six-years-of-kafeterra\/","url":"https:\/\/whatsuprincon.com\/six-years-of-kafeterra\/","name":"Six Years of Kaf\u00e9Terra - Rinc\u00f3n, PR | What\u2019s Up Rinc\u00f3n and Western Puerto Rico","isPartOf":{"@id":"https:\/\/whatsuprincon.com\/#website"},"primaryImageOfPage":{"@id":"https:\/\/whatsuprincon.com\/six-years-of-kafeterra\/#primaryimage"},"image":{"@id":"https:\/\/whatsuprincon.com\/six-years-of-kafeterra\/#primaryimage"},"thumbnailUrl":"https:\/\/whatsuprincon.com\/wp-content\/uploads\/2026\/04\/6-years-of-KafeTerra.jpg","datePublished":"2026-04-28T23:17:59+00:00","dateModified":"2026-05-27T13:08:38+00:00","description":"Kaf\u00e9Terra in Rinc\u00f3n celebrates six years of coffee, community, and resilience. The story of heart, family, and showing up.","breadcrumb":{"@id":"https:\/\/whatsuprincon.com\/six-years-of-kafeterra\/#breadcrumb"},"inLanguage":"es","potentialAction":[{"@type":"ReadAction","target":["https:\/\/whatsuprincon.com\/six-years-of-kafeterra\/"]}]},{"@type":"ImageObject","inLanguage":"es","@id":"https:\/\/whatsuprincon.com\/six-years-of-kafeterra\/#primaryimage","url":"https:\/\/whatsuprincon.com\/wp-content\/uploads\/2026\/04\/6-years-of-KafeTerra.jpg","contentUrl":"https:\/\/whatsuprincon.com\/wp-content\/uploads\/2026\/04\/6-years-of-KafeTerra.jpg","width":1748,"height":1240,"caption":"6 years of KafeTerra"},{"@type":"BreadcrumbList","@id":"https:\/\/whatsuprincon.com\/six-years-of-kafeterra\/#breadcrumb","itemListElement":[{"@type":"ListItem","position":1,"name":"Home","item":"https:\/\/whatsuprincon.com\/"},{"@type":"ListItem","position":2,"name":"Six Years of Kaf\u00e9Terra"}]},{"@type":"WebSite","@id":"https:\/\/whatsuprincon.com\/#website","url":"https:\/\/whatsuprincon.com\/","name":"Qu\u00e9 pasa Rinc\u00f3n","description":"Lo Que Hay en Rinc\u00f3n y en el Oeste","publisher":{"@id":"https:\/\/whatsuprincon.com\/#organization"},"potentialAction":[{"@type":"SearchAction","target":{"@type":"EntryPoint","urlTemplate":"https:\/\/whatsuprincon.com\/?s={search_term_string}"},"query-input":{"@type":"PropertyValueSpecification","valueRequired":true,"valueName":"search_term_string"}}],"inLanguage":"es"},{"@type":"Organization","@id":"https:\/\/whatsuprincon.com\/#organization","name":"Qu\u00e9 pasa Rinc\u00f3n","url":"https:\/\/whatsuprincon.com\/","logo":{"@type":"ImageObject","inLanguage":"es","@id":"https:\/\/whatsuprincon.com\/#\/schema\/logo\/image\/","url":"https:\/\/whatsuprincon.com\/wp-content\/uploads\/2024\/06\/header-logo-e1771168818936.png","contentUrl":"https:\/\/whatsuprincon.com\/wp-content\/uploads\/2024\/06\/header-logo-e1771168818936.png","width":100,"height":100,"caption":"What's Up Rinc\u00f3n"},"image":{"@id":"https:\/\/whatsuprincon.com\/#\/schema\/logo\/image\/"},"sameAs":["https:\/\/www.facebook.com\/profile.php?id=61557407721782","https:\/\/www.instagram.com\/whatsuprincon\/"]},{"@type":"Person","@id":"https:\/\/whatsuprincon.com\/#\/schema\/person\/624de6271f5a50b903afdf5559a7b3dd","name":"whatsuprinconcom","sameAs":["https:\/\/whatsuprincon.com","https:\/\/www.facebook.com\/whatsuprincon","https:\/\/www.instagram.com\/whatsuprincon\/"],"url":"https:\/\/whatsuprincon.com\/es\/author\/whatsuprinconcom\/"}]}},"_links":{"self":[{"href":"https:\/\/whatsuprincon.com\/es\/wp-json\/wp\/v2\/posts\/12040","targetHints":{"allow":["GET"]}}],"collection":[{"href":"https:\/\/whatsuprincon.com\/es\/wp-json\/wp\/v2\/posts"}],"about":[{"href":"https:\/\/whatsuprincon.com\/es\/wp-json\/wp\/v2\/types\/post"}],"author":[{"embeddable":true,"href":"https:\/\/whatsuprincon.com\/es\/wp-json\/wp\/v2\/users\/1"}],"replies":[{"embeddable":true,"href":"https:\/\/whatsuprincon.com\/es\/wp-json\/wp\/v2\/comments?post=12040"}],"version-history":[{"count":6,"href":"https:\/\/whatsuprincon.com\/es\/wp-json\/wp\/v2\/posts\/12040\/revisions"}],"predecessor-version":[{"id":12052,"href":"https:\/\/whatsuprincon.com\/es\/wp-json\/wp\/v2\/posts\/12040\/revisions\/12052"}],"wp:featuredmedia":[{"embeddable":true,"href":"https:\/\/whatsuprincon.com\/es\/wp-json\/wp\/v2\/media\/12041"}],"wp:attachment":[{"href":"https:\/\/whatsuprincon.com\/es\/wp-json\/wp\/v2\/media?parent=12040"}],"wp:term":[{"taxonomy":"category","embeddable":true,"href":"https:\/\/whatsuprincon.com\/es\/wp-json\/wp\/v2\/categories?post=12040"},{"taxonomy":"post_tag","embeddable":true,"href":"https:\/\/whatsuprincon.com\/es\/wp-json\/wp\/v2\/tags?post=12040"}],"curies":[{"name":"wp","href":"https:\/\/api.w.org\/{rel}","templated":true}]}}